{"id":5500,"date":"2025-10-13T20:33:01","date_gmt":"2025-10-13T18:33:01","guid":{"rendered":"https:\/\/webprodukt.cz\/?p=5500"},"modified":"2025-10-13T20:33:02","modified_gmt":"2025-10-13T18:33:02","slug":"mittagessen-auf-dem-schiff-prag-september-und-oktober-2025-14","status":"publish","type":"post","link":"https:\/\/webprodukt.cz\/de\/mittagessen-auf-dem-schiff-prag-september-und-oktober-2025-14\/","title":{"rendered":"Mittagessen auf dem Schiff, Prag, September und Oktober 2025"},"content":{"rendered":"\n<p class=\"tribe-events-schedule__datetime\">  Oktober 15   ,   12:00   \u2013   14:00  <\/p>\n<p><strong>Mittagessen auf dem Schiff \u2013 eine zweist\u00fcndige Schifffahrt durch das historische Zentrum von Prag mit einem Mittagsbuffet und einem Begr\u00fc\u00dfungsgetr\u00e4nk. September und Oktober 2025. <\/strong><\/p>\n<p>W\u00e4hrend der zweist\u00fcndigen Schifffahrt auf der Moldau k\u00f6nnen Sie ein komplettes Mittagsbuffet und ein Begr\u00fc\u00dfungsgetr\u00e4nk genie\u00dfen, w\u00e4hrend Sie an ber\u00fchmten Prager Wahrzeichen vorbeifahren. Das Schiff verf\u00fcgt \u00fcber zwei Innenr\u00e4ume mit Klimaanlage\/Heizung und eine offene Sonnenterrasse. Au\u00dferdem gibt<\/p>\n","protected":false},"excerpt":{"rendered":"<p>Oktober 15\t\t<\/p>\n<p>\t\t\t\t, \t\t\t<\/p>\n<p>\t\t\t\t12:00\t\t\t<\/p>\n<p>\t\t\t\t\t \u2013 \t\t\t\t<\/p>\n<p>\t\t\t\t\t14:00\t\t\t\t<\/p>\n<p>Mittagessen auf dem Schiff \u2013 eine zweist\u00fcndige Schifffahrt durch das historische Zentrum von Prag mit einem Mittagsbuffet und einem Begr\u00fc\u00dfungsgetr\u00e4nk. September und Oktober 2025. <\/p>\n<p>W\u00e4hrend der zweist\u00fcndigen Schifffahrt auf der Moldau k\u00f6nnen Sie ein komplettes Mittagsbuffet und ein Begr\u00fc\u00dfungsgetr\u00e4nk genie\u00dfen, w\u00e4hrend Sie an ber\u00fchmten Prager Wahrzeichen vorbeifahren. Das Schiff verf\u00fcgt \u00fcber zwei Innenr\u00e4ume mit Klimaanlage\/Heizung und eine offene Sonnenterrasse. Au\u00dferdem gibt es eine Bar mit einer Auswahl an Getr\u00e4nken, die nicht im Preis inbegriffen sind. <\/p>\n<p>Dauer der Fahrt: 2 Stunden.<\/p>\n<p>Abfahrtszeit: 12:00 Uhr.<\/p>\n<p>Abfahrtsort: Dock im Zentrum von Prag.<\/p>\n<p>Inklusive: Kreuzfahrt, Mittagsbuffet (warme und kalte Speisen, Obst, Gem\u00fcse und Desserts) und Begr\u00fc\u00dfungsgetr\u00e4nk.<\/p>\n<p>Erfahren Sie mehr und z\u00f6gern Sie nicht zu buchen, die Pl\u00e4tze sind schnell vergeben. Fahren Sie fort, indem Sie auf den Link in der Schaltfl\u00e4che klicken:<\/p>\n<p>Schifffahrt mit Mittagessen \u2013 Wichtige Informationen:<\/p>\n<p>Bitte erscheinen Sie mindestens 15 Minuten vor der Abfahrt am Boot.<\/p>\n","protected":false},"author":1,"featured_media":5502,"comment_status":"close","ping_status":"open","sticky":false,"template":"","format":"standard","meta":{"footnotes":""},"categories":[6],"tags":[],"class_list":["post-5500","post","type-post","status-publish","format-standard","has-post-thumbnail","hentry","category-unkategorisiert"],"aioseo_notices":[],"_links":{"self":[{"href":"https:\/\/webprodukt.cz\/de\/wp-json\/wp\/v2\/posts\/5500","targetHints":{"allow":["GET"]}}],"collection":[{"href":"https:\/\/webprodukt.cz\/de\/wp-json\/wp\/v2\/posts"}],"about":[{"href":"https:\/\/webprodukt.cz\/de\/wp-json\/wp\/v2\/types\/post"}],"author":[{"embeddable":true,"href":"https:\/\/webprodukt.cz\/de\/wp-json\/wp\/v2\/users\/1"}],"replies":[{"embeddable":true,"href":"https:\/\/webprodukt.cz\/de\/wp-json\/wp\/v2\/comments?post=5500"}],"version-history":[{"count":3,"href":"https:\/\/webprodukt.cz\/de\/wp-json\/wp\/v2\/posts\/5500\/revisions"}],"predecessor-version":[{"id":5509,"href":"https:\/\/webprodukt.cz\/de\/wp-json\/wp\/v2\/posts\/5500\/revisions\/5509"}],"wp:featuredmedia":[{"embeddable":true,"href":"https:\/\/webprodukt.cz\/de\/wp-json\/wp\/v2\/media\/5502"}],"wp:attachment":[{"href":"https:\/\/webprodukt.cz\/de\/wp-json\/wp\/v2\/media?parent=5500"}],"wp:term":[{"taxonomy":"category","embeddable":true,"href":"https:\/\/webprodukt.cz\/de\/wp-json\/wp\/v2\/categories?post=5500"},{"taxonomy":"post_tag","embeddable":true,"href":"https:\/\/webprodukt.cz\/de\/wp-json\/wp\/v2\/tags?post=5500"}],"curies":[{"name":"wp","href":"https:\/\/api.w.org\/{rel}","templated":true}]}}