{"id":808,"date":"2025-02-10T21:14:48","date_gmt":"2025-02-10T20:14:48","guid":{"rendered":"https:\/\/webprodukt.cz\/?p=808"},"modified":"2025-02-25T19:41:19","modified_gmt":"2025-02-25T18:41:19","slug":"stahlzeit-rammstein-tribute-show-20-jahre-in-der-szene","status":"publish","type":"post","link":"https:\/\/webprodukt.cz\/de\/stahlzeit-rammstein-tribute-show-20-jahre-in-der-szene\/","title":{"rendered":"STAHLZEIT RAMMSTEIN Tribute Show, 20 Jahre in der Szene"},"content":{"rendered":"<p><strong>STAHLZEIT RAMMSTEIN: eine Show, die Ihnen den Atem rauben wird! Am 20. Februar 2025 wird STAHLZEIT im Forum Karl\u00edn, PRAG auftreten. <\/strong><\/p>\n<p>In diesem Jahr ist es 20 Jahre her, dass <em>Stahlzeit<\/em> begann, <em>Rammstein<\/em> Tribut zu zollen. <em>Rammstein<\/em> hat ein v\u00f6llig einzigartiges Genre ins Leben gerufen, das man unbedingt \u201caus erster Hand\u201d erleben sollte. Die Band kann eine so atemberaubende Show abliefern, dass die Erfahrung eines Abends unter der B\u00fchne f\u00fcr ihre Fans unvergesslich wird. Neben ihrem kraftvollen Industrial-Sound, den rauen Rhythmen, der beispiellosen Kontroverse und dem fesselnden Auftreten haben sie sich auch durch den Einsatz von Pyrotechnik einen Namen gemacht.<\/p>\n<p>Um<\/p>\n","protected":false},"excerpt":{"rendered":"<p>STAHLZEIT RAMMSTEIN: eine Show, die Ihnen den Atem rauben wird! Am 20. Februar 2025 wird STAHLZEIT im Forum Karl\u00edn, PRAG auftreten.  In diesem Jahr ist es 20 Jahre her, dass Stahlzeit begann, Rammstein Tribut zu zollen. Rammstein hat ein v\u00f6llig einzigartiges Genre ins Leben gerufen, das man unbedingt \u201caus erster Hand\u201d erleben sollte. Die Band kann eine so atemberaubende Show abliefern, dass die Erfahrung eines Abends unter der B\u00fchne f\u00fcr ihre Fans unvergesslich wird. Neben ihrem kraftvollen Industrial-Sound, den rauen Rhythmen, der beispiellosen Kontroverse und dem fesselnden Auftreten haben sie sich auch durch den Einsatz von Pyrotechnik einen Namen gemacht.Um dieser ph\u00e4nomenalen Band Tribut zu zollen, beschloss Stahlzeit, die Grenzen noch weiter zu verschieben und schuf eine kolossale Show, in der das Konzept des Spiels mit dem Feuer neue Dimensionen annimmt. W\u00e4hrend der Tournee bewegt Stahlzeit mehrere Lastwagen mit Ausr\u00fcstung, die sie zur Perfektionierung ihrer grandiosen und vor allem v\u00f6llig authentischen musikalischen Darbietung einsetzen. Und glauben Sie mir, zu ihrem zwanzigj\u00e4hrigen Jubil\u00e4um werden sie sich wieder selbst \u00fcbertreffen und einen kompromisslosen Eindruck beim Publikum hinterlassen!   20. Februar 2025, Forum Karl\u00edn, PRAG<br \/>\n[embedded content]<br \/>\nTickets f\u00fcr die Show bei Ticketportal.STAHLZEIT-BandStahlzeit ist eine deutsche #Rammstein-Tribute-Band und wurde 2005 gegr\u00fcndet. Der S\u00e4nger und Frontmann ist Helfried Reisenweber. Die Band zollt ausschlie\u00dflich der Berliner Band Rammstein Tribut. Die B\u00fchnenshow, die Pyrotechnik, die Kost\u00fcme und die B\u00fchnendekoration sind \u00e4hnlich wie bei Rammstein. Mit bis zu 80 Konzerten im Jahr ist die Band die erfolgreichste \u201cDance Metal\u201d in Deutschland.  RAMMSTEINRammstein ist eine deutsche Band, die 1994 in Berlin gegr\u00fcndet wurde. Ihr Markenzeichen ist ihr origineller roher Rockmusikstil, den die Bandmitglieder selbst zu Beginn ihrer Karriere als Live-Auftritten bezeichneten. Rammstein sind bekannt f\u00fcr ihren starken Einsatz von pyrotechnischen Elementen bei ihren \u201cFlake\u201d. Die Besetzung besteht aus: Leads\u00e4nger \u2013 Till Lindemann, Leadgitarrist \u2013 Richard Kruspe, Rhythmusgitarrist \u2013 Paul Landers, Bassist \u2013 Oliver Riedel, Schlagzeuger \u2013 Christoph Schneider und Keyboarder Christian \u201cFlake\u201d Lorenz. Die Besetzung ist seit Bestehen der Band unver\u00e4ndert geblieben. Rammstein hat \u00fcber 20 Millionen Platten verkauft.<\/p>\n","protected":false},"author":1,"featured_media":804,"comment_status":"closed","ping_status":"open","sticky":false,"template":"","format":"standard","meta":{"footnotes":""},"categories":[157],"tags":[154,151],"class_list":["post-808","post","type-post","status-publish","format-standard","has-post-thumbnail","hentry","category-magazin-prag","tag-konzert","tag-prag"],"aioseo_notices":[],"_links":{"self":[{"href":"https:\/\/webprodukt.cz\/de\/wp-json\/wp\/v2\/posts\/808","targetHints":{"allow":["GET"]}}],"collection":[{"href":"https:\/\/webprodukt.cz\/de\/wp-json\/wp\/v2\/posts"}],"about":[{"href":"https:\/\/webprodukt.cz\/de\/wp-json\/wp\/v2\/types\/post"}],"author":[{"embeddable":true,"href":"https:\/\/webprodukt.cz\/de\/wp-json\/wp\/v2\/users\/1"}],"replies":[{"embeddable":true,"href":"https:\/\/webprodukt.cz\/de\/wp-json\/wp\/v2\/comments?post=808"}],"version-history":[{"count":3,"href":"https:\/\/webprodukt.cz\/de\/wp-json\/wp\/v2\/posts\/808\/revisions"}],"predecessor-version":[{"id":811,"href":"https:\/\/webprodukt.cz\/de\/wp-json\/wp\/v2\/posts\/808\/revisions\/811"}],"wp:featuredmedia":[{"embeddable":true,"href":"https:\/\/webprodukt.cz\/de\/wp-json\/wp\/v2\/media\/804"}],"wp:attachment":[{"href":"https:\/\/webprodukt.cz\/de\/wp-json\/wp\/v2\/media?parent=808"}],"wp:term":[{"taxonomy":"category","embeddable":true,"href":"https:\/\/webprodukt.cz\/de\/wp-json\/wp\/v2\/categories?post=808"},{"taxonomy":"post_tag","embeddable":true,"href":"https:\/\/webprodukt.cz\/de\/wp-json\/wp\/v2\/tags?post=808"}],"curies":[{"name":"wp","href":"https:\/\/api.w.org\/{rel}","templated":true}]}}