{"id":6706,"date":"2025-11-30T17:50:48","date_gmt":"2025-11-30T16:50:48","guid":{"rendered":"https:\/\/webprodukt.cz\/?p=6706"},"modified":"2025-11-30T17:50:48","modified_gmt":"2025-11-30T16:50:48","slug":"adwent-w-pradze-2025-rejs-adwentowy-przez-prage-4","status":"publish","type":"post","link":"https:\/\/webprodukt.cz\/pl\/adwent-w-pradze-2025-rejs-adwentowy-przez-prage-4\/","title":{"rendered":"Adwent w Pradze 2025 \u2013 Rejs adwentowy przez Prag\u0119"},"content":{"rendered":"<p><strong>Rejs adwentowy to specjalny rejs statkiem wycieczkowym po We\u0142tawie, podczas kt\u00f3rego \u015bwi\u0105teczna atmosfera \u0142\u0105czy si\u0119 z pi\u0119knem historycznego centrum Pragi. Adwent w Pradze 2025 <\/strong><\/p>\n<p class=\"tribe-events-schedule__datetime\">  2 grudnia   ,   12:00   \u2013   18:00  <\/p>\n<p>Prosz\u0119 pozwoli\u0107 odetchn\u0105\u0107 spokojem i magi\u0105 <strong>przed\u015bwi\u0105tecznej Pragi<\/strong> podczas rejsu widokowego po We\u0142tawie. Zobacz o\u015bwietlone zabytki, takie jak <strong><a class=\"glossaryLink\" aria-describedby=\"tt\" data-cmtooltip=\"&lt;div class=glossaryItemBody&gt;&lt;img width=&#039;200&#039; height=&#039;133&#039; src=&#039;https:\/\/i0.wp.com\/praguecruises.eu\/wp-content\/uploads\/2024\/07\/hrad-prazsky-4.jpg?fit=200%2C133&amp;ssl=1&#039; class=&#039;cmtt-tooltip-featured-image wp-post-image&#039; alt=&#039;Zamek Praski&#039; style=&#039;width: 200px; margin-top: 2%;float: right; margin-left: 2%;&#039; sizes=&#039;(max-width: 9999px) 200px,auto&#039; loading=&#039;eager&#039; srcset=&#039;https:\/\/i0.wp.com\/praguecruises.eu\/wp-content\/uploads\/2024\/07\/hrad-prazsky-4.jpg?w=1200&amp;ssl=1 1200w, https:\/\/i0.wp.com\/praguecruises.eu\/wp-content\/uploads\/2024\/07\/hrad-prazsky-4.jpg?resize=324%2C216&amp;ssl=1 324w, https:\/\/i0.wp.com\/praguecruises.eu\/wp-content\/uploads\/2024\/07\/hrad-prazsky-4.jpg?resize=416%2C277&amp;ssl=1 416w, https:\/\/i0.wp.com\/praguecruises.eu\/wp-content\/uploads\/2024\/07\/hrad-prazsky-4.jpg?resize=300%2C200&amp;ssl=1 300w, https:\/\/i0.wp.com\/praguecruises.eu\/wp-content\/uploads\/2024\/07\/hrad-prazsky-4.jpg?resize=1024%2C683&amp;ssl=1 1024w, https:\/\/i0.wp.com\/praguecruises.eu\/wp-content\/uploads\/2024\/07\/hrad-prazsky-4.jpg?resize=768%2C512&amp;ssl=1 768w&#039; \/&gt;Zamek Praski to historyczna twierdza i siedziba czeskich w\u0142adc\u00f3w i prezydent\u00f3w w Pradze. Jest to jeden z najwi\u0119kszych kompleks\u00f3w zamkowych na \u015bwiecie i g\u0142\u00f3wna atrakcja turystyczna. &lt;\/div&gt;\" href=\"https:\/\/praguecruises.eu\/pl\/glossary\/zamek-praski\/\" data-mobile-support=\"0\" data-gt-translate-attributes=\"[{\" attribute>Zamek Praski<\/a><\/strong>, <strong><a class=\"glossaryLink\" aria-describedby=\"tt\" data-cmtooltip=\"&lt;div class=glossaryItemBody&gt;&lt;img width=&#039;200&#039; height=&#039;133&#039; src=&#039;https:\/\/i0.wp.com\/praguecruises.eu\/wp-content\/uploads\/2024\/07\/karluv-most-vltava.jpg?fit=200%2C133&amp;ssl=1&#039; class=&#039;cmtt-tooltip-featured-image wp-post-image&#039; alt=&#039;&#039; style=&#039;width: 200px; margin-top: 2%;float: right; margin-left: 2%;&#039; sizes=&#039;(max-width: 9999px) 200px,auto&#039; loading=&#039;eager&#039; srcset=&#039;https:\/\/i0.wp.com\/praguecruises.eu\/wp-content\/uploads\/2024\/07\/karluv-most-vltava.jpg?w=1200&amp;ssl=1 1200w, https:\/\/i0.wp.com\/praguecruises.eu\/wp-content\/uploads\/2024\/07\/karluv-most-vltava.jpg?resize=324%2C216&amp;ssl=1 324w, https:\/\/i0.wp.com\/praguecruises.eu\/wp-content\/uploads\/2024\/07\/karluv-most-vltava.jpg?resize=416%2C277&amp;ssl=1 416w, https:\/\/i0.wp.com\/praguecruises.eu\/wp-content\/uploads\/2024\/07\/karluv-most-vltava.jpg?resize=300%2C200&amp;ssl=1 300w, https:\/\/i0.wp.com\/praguecruises.eu\/wp-content\/uploads\/2024\/07\/karluv-most-vltava.jpg?resize=1024%2C683&amp;ssl=1 1024w, https:\/\/i0.wp.com\/praguecruises.eu\/wp-content\/uploads\/2024\/07\/karluv-most-vltava.jpg?resize=768%2C512&amp;ssl=1 768w&#039; \/&gt;Most Karola to zabytkowy kamienny most w Pradze nad rzek\u0105 We\u0142taw\u0105. Most zosta\u0142 zbudowany na polecenie cesarza Karola IV i jest jednym z najbardziej znanych zabytk\u00f3w w Republice Czeskiej.&lt;\/div&gt;\" href=\"https:\/\/praguecruises.eu\/pl\/glossary\/most-karola\/\" data-mobile-support=\"0\" data-gt-translate-attributes=\"[{\" attribute>Most Karola<\/a><\/strong> i <strong>Teatr<\/strong> Narodowy z wyj\u0105tkowej perspektywy, ciesz\u0105c si\u0119 ciep\u0142\u0105 atmosfer\u0105 na pok\u0142adzie.<\/p>\n","protected":false},"excerpt":{"rendered":"<p>Rejs adwentowy to specjalny rejs statkiem wycieczkowym po We\u0142tawie, podczas kt\u00f3rego \u015bwi\u0105teczna atmosfera \u0142\u0105czy si\u0119 z pi\u0119knem historycznego centrum Pragi. Adwent w Pradze 2025 <\/p>\n<p>\t\t\t2 grudnia\t\t<\/p>\n<p>\t\t\t\t, \t\t\t<\/p>\n<p>\t\t\t\t12:00\t\t\t<\/p>\n<p>\t\t\t\t\t \u2013 \t\t\t\t<\/p>\n<p>\t\t\t\t\t18:00\t\t\t\t<\/p>\n<p>Prosz\u0119 pozwoli\u0107 odetchn\u0105\u0107 spokojem i magi\u0105 przed\u015bwi\u0105tecznej Pragi podczas rejsu widokowego po We\u0142tawie. Zobacz o\u015bwietlone zabytki, takie jak Zamek Praski, Most Karola i Teatr Narodowy z wyj\u0105tkowej perspektywy, ciesz\u0105c si\u0119 ciep\u0142\u0105 atmosfer\u0105 na pok\u0142adzie. <\/p>\n<p>Co czeka na Pa\u0144stwa na pok\u0142adzie:<\/p>\n<p>Widok na adwentow\u0105 Prag\u0119: romantycznie o\u015bwietlona panorama miasta.<\/p>\n<p>\u015awi\u0105teczny pocz\u0119stunek: gor\u0105cy nap\u00f3j i drobne \u015bwi\u0105teczne s\u0142odycze lub przek\u0105ski.<\/p>\n<p>Ciep\u0142a atmosfera: przyjemne ciep\u0142o na \u0142odzi i przyzwoite dekoracje \u015bwi\u0105teczne.<\/p>\n<p>Relaks: ucieczka od przed\u015bwi\u0105tecznego po\u015bpiechu i chwila spokoju na wodzie.<\/p>\n<p>Godziny odlot\u00f3w (prosz\u0119 wybra\u0107 podczas rezerwacji): 12, 13, 14, 15, 16, 17 godz.<\/p>\n<p>Miejsce odlotu i l\u0105dowania: w historycznym centrum Pragi<\/p>\n<p>D\u0142ugo\u015b\u0107 rejsu: 50 minut<\/p>\n<p>Rezerwacja rejsu:<\/p>\n<p>Ze wzgl\u0119du na ograniczon\u0105 pojemno\u015b\u0107 \u0142odzi zalecamy wcze\u015bniejsz\u0105 rezerwacj\u0119!<\/p>\n<p>Rezerwacja online:<\/p>\n<p>Prosz\u0119 przyj\u015b\u0107 i wczu\u0107 si\u0119 w \u015bwi\u0105teczny czas i cieszy\u0107 si\u0119 niezapomnianymi wra\u017ceniami!<\/p>\n<p>Czekamy na Pa\u0144stwa na pok\u0142adzie.<\/p>\n","protected":false},"author":1,"featured_media":6693,"comment_status":"close","ping_status":"open","sticky":false,"template":"","format":"standard","meta":{"footnotes":""},"categories":[165],"tags":[168],"class_list":["post-6706","post","type-post","status-publish","format-standard","has-post-thumbnail","hentry","category-wydarzenia-w-pradze","tag-wycieczka-statkiem"],"aioseo_notices":[],"_links":{"self":[{"href":"https:\/\/webprodukt.cz\/pl\/wp-json\/wp\/v2\/posts\/6706","targetHints":{"allow":["GET"]}}],"collection":[{"href":"https:\/\/webprodukt.cz\/pl\/wp-json\/wp\/v2\/posts"}],"about":[{"href":"https:\/\/webprodukt.cz\/pl\/wp-json\/wp\/v2\/types\/post"}],"author":[{"embeddable":true,"href":"https:\/\/webprodukt.cz\/pl\/wp-json\/wp\/v2\/users\/1"}],"replies":[{"embeddable":true,"href":"https:\/\/webprodukt.cz\/pl\/wp-json\/wp\/v2\/comments?post=6706"}],"version-history":[{"count":2,"href":"https:\/\/webprodukt.cz\/pl\/wp-json\/wp\/v2\/posts\/6706\/revisions"}],"predecessor-version":[{"id":6708,"href":"https:\/\/webprodukt.cz\/pl\/wp-json\/wp\/v2\/posts\/6706\/revisions\/6708"}],"wp:featuredmedia":[{"embeddable":true,"href":"https:\/\/webprodukt.cz\/pl\/wp-json\/wp\/v2\/media\/6693"}],"wp:attachment":[{"href":"https:\/\/webprodukt.cz\/pl\/wp-json\/wp\/v2\/media?parent=6706"}],"wp:term":[{"taxonomy":"category","embeddable":true,"href":"https:\/\/webprodukt.cz\/pl\/wp-json\/wp\/v2\/categories?post=6706"},{"taxonomy":"post_tag","embeddable":true,"href":"https:\/\/webprodukt.cz\/pl\/wp-json\/wp\/v2\/tags?post=6706"}],"curies":[{"name":"wp","href":"https:\/\/api.w.org\/{rel}","templated":true}]}}